{"id":42140,"date":"2019-03-14T00:00:00","date_gmt":"2019-03-14T00:00:00","guid":{"rendered":"https:\/\/monatglobal.com\/ca\/?p=42140"},"modified":"2019-03-14T14:13:29","modified_gmt":"2019-03-14T14:13:29","slug":"prendre-soin-des-cheveux-en-ete","status":"publish","type":"post","link":"https:\/\/monatglobal.com\/ca\/prendre-soin-des-cheveux-en-ete\/?lang=fr","title":{"rendered":"Prendre soin des <br>cheveux en \u00e9t\u00e9"},"content":{"rendered":"<div class=\"excerpt_blog_vip _space_u\" style=\"text-align:center\">Bonjour beau temps!<\/div>\n<div class=\"spacer hr_vip_series\"><\/div>\n<div class=\"p_opp _space_u\">Profiter des journ\u00e9es ensoleill\u00e9es est une de nos activit\u00e9s favorites lorsque le printemps arrive et fait tranquillement place \u00e0 l\u2019\u00e9t\u00e9. <\/div>\n<div class=\"p_opp _space_u\">Cependant, tout comme vous prot\u00e9gez votre peau des rayons UV nuisibles, c\u2019est important de prot\u00e9ger vos cheveux.<\/div>\n<div class=\"p_opp _space_u\">Les bienfaits d\u2019avoir bien pr\u00e9par\u00e9 vos cheveux pour le beau temps \u00e0 venir se feront remarquer! Vos cheveux seront nourris, auront un \u00e9clat de longue dur\u00e9e, vos cheveux et votre cuir chevelu seront revigor\u00e9s et vous constaterez des r\u00e9sultats anti-\u00e2ge \u00e0 plus long terme. <\/div>\n<div class=\"h2_blog_vip\" style=\"text-align:center;\">Soins pr\u00e9ventifs<\/div>\n<div class=\"p_opp _space_u\">Afin de pr\u00e9parer vos cheveux pour le beau temps, vous devez adopter une routine de soins pr\u00e9ventifs qui prot\u00e8ge vos cheveux avant m\u00eame de s\u2019aventurer dehors. Incorporer un traitement \u00e0 l\u2019huile dans votre routine hebdomadaire est une excellente fa\u00e7on de voir des r\u00e9sultats concrets. De plus, ces traitements peuvent \u00eatre faits de diff\u00e9rentes fa\u00e7ons.<\/div>\n<div class=\"p_opp _space_u\">Utilis\u00e9 comme traitement pr\u00e9-shampooing, vos cheveux seront prot\u00e9g\u00e9s contre les intemp\u00e9ries et renforc\u00e9s. De plus, il est d\u2019application facile. Il suffit d\u2019appliquer une quantit\u00e9 g\u00e9n\u00e9reuse le cuir chevelu et les cheveux humides. Attendez 15 minutes, puis rincez bien les cheveux. Utilisez votre shampooing et revitalisant comme d\u2019habitude. Vos cheveux seront rafra\u00eechis!<\/div>\n<div class=\"spacer\"><\/div>\n<p><img loading=\"lazy\" decoding=\"async\" src=\"https:\/\/monatglobal.com\/wp-content\/uploads\/2019\/03\/Sweat-Summer-Hair-Prep_images-blog_2.jpg\" alt=\"Sweat-Summer-Hair-Prep_images-blog_2\" width=\"800\" height=\"360\" \/><\/p>\n<div class=\"spacer\"><\/div>\n<div class=\"h2_blog_vip\" style=\"text-align:center;\">Faites le plein d\u2019hydratation<\/div>\n<div class=\"p_opp _space_u\">La mauvaise nouvelle est que le soleil d\u00e9shydrate les cheveux. Mais la bonne nouvelle est que les traitements \u00e0 l\u2019huile sont une excellente fa\u00e7on de maintenir l\u2019hydratation des cheveux. Appliquez une quantit\u00e9 g\u00e9n\u00e9reuse le cuir chevelu et les cheveux humides. Placez une serviette chaude et humide autour de la t\u00eate et attendez 30 minutes. Profitez de ce temps pour vous d\u00e9tendre avant de bien rincer les cheveux. Ensuite, utilisez votre shampooing et revitalisant et coiffez vos cheveux comme d\u2019habitude.<\/div>\n<div class=\"h2_blog_vip\" style=\"text-align:center;\">Luttez contre les frisottis pour des cheveux lisses<\/div>\n<div class=\"p_opp _space_u\">Qui dit \u00e9t\u00e9 dit temp\u00e9ratures et humidit\u00e9 \u00e9lev\u00e9es, ce qui cause les frisottis. Si vous luttez souvent contre les frisottis l\u2019\u00e9t\u00e9, un traitement \u00e0 l\u2019huile hebdomadaire utilis\u00e9 comme traitement sans rin\u00e7age peut aussi agir comme traitement de finition anti-frisottis. Apr\u00e8s avoir coiff\u00e9 les cheveux, appliquez une petite quantit\u00e9 sur les mains et appliquez-la sur les cheveux, en insistant sur le milieu des cheveux jusqu\u2019aux pointes. Le r\u00e9sultat : des cheveux lisses et brillants, sans frisottis!<\/div>\n<div class=\"spacer\"><\/div>\n<p><img loading=\"lazy\" decoding=\"async\" src=\"https:\/\/monatglobal.com\/wp-content\/uploads\/2019\/03\/Sweat-Summer-Hair-Prep_images-blog_1.jpg\" alt=\"Sweat-Summer-Hair-Prep_images-blog_1\" width=\"800\" height=\"360\" \/><\/p>\n<div class=\"spacer\"><\/div>\n<div class=\"h2_blog_vip\" style=\"text-align:center;\">R\u00e9sumons!<\/div>\n<div class=\"p_opp _space_u\">Les cheveux peuvent \u00eatre malmen\u00e9s par l\u2019\u00e9t\u00e9 en raison de l\u2019eau sal\u00e9, du chlore et des autres facteurs environnementaux, mais cela ne veut pas dire que vos cheveux doivent \u00eatre secs et endommag\u00e9s. Avec une bonne pr\u00e9paration et l\u2019application des bons produits, vous pourrez avoir des cheveux hydrat\u00e9s, nourris et sains ce printemps et cet \u00e9t\u00e9.<\/div>\n<div class=\"spacer\"><\/div>\n<p><img loading=\"lazy\" decoding=\"async\" src=\"https:\/\/monatglobal.com\/wp-content\/uploads\/2019\/03\/Sweat-Summer-Hair-Prep_images-blog_3.jpg\" alt=\"Sweat-Summer-Hair-Prep_images-blog_3\" width=\"800\" height=\"360\" \/><\/p>\n<div class=\"spacer\"><\/div>\n<div class=\"p_opp _space_u\"><a href=\" https:\/\/monatglobal.com\/ca\/huile-intensive-rejuveniqe\/ \" target=\"_blank\"><strong>L\u2019huile intensive REJUVENIQE\u2122<\/strong><\/a> ou <a href=\" https:\/\/monatglobal.com\/ca\/rejuveniqe-light-by-monat\/?lang=fr \" target=\"_blank\"><strong>REJUVENIQE light by MONAT\u2122<\/strong><\/a> sont deux excellentes options. Ces traitements \u00e0 l\u2019huile nourrissants vous permettront d\u2019avoir et de maintenir une crini\u00e8re enviable tout au long de l\u2019\u00e9t\u00e9!<\/div>\n<div class=\"p_opp _space_u\">Avez-vous aim\u00e9 cette publication? Aimez-nous sur <a href=\" https:\/\/www.facebook.com\/monatofficial \" target=\"_blank\"><strong>Facebook<\/strong><\/a> ou suivez-nous sur <a href=\" https:\/\/www.instagram.com\/monatofficial\/ \" target=\"_blank\"><strong>Instagram<\/strong><\/a>.<\/div>\n","protected":false},"excerpt":{"rendered":"<p>Bonjour beau temps! Profiter des journ\u00e9es ensoleill\u00e9es est une de nos activit\u00e9s favorites lorsque le printemps arrive et fait tranquillement place \u00e0 l\u2019\u00e9t\u00e9. Cependant, tout comme vous prot\u00e9gez votre peau des rayons UV nuisibles, c\u2019est important de prot\u00e9ger vos cheveux. Les bienfaits d\u2019avoir bien pr\u00e9par\u00e9 vos cheveux pour le beau temps \u00e0 venir se feront&hellip;<\/p>\n","protected":false},"author":20,"featured_media":42134,"comment_status":"closed","ping_status":"closed","sticky":false,"template":"","format":"standard","meta":{"inline_featured_image":false,"om_disable_all_campaigns":false,"_monsterinsights_skip_tracking":false,"_monsterinsights_sitenote_active":false,"_monsterinsights_sitenote_note":"","_monsterinsights_sitenote_category":0,"footnotes":""},"categories":[286],"tags":[],"class_list":["post-42140","post","type-post","status-publish","format-standard","has-post-thumbnail","hentry","category-cheveux"],"aioseo_notices":[],"aioseo_head":"\n\t\t<!-- All in One SEO Pro 4.9.6 - aioseo.com -->\n\t<meta name=\"description\" content=\"Bonjour beau temps! Profiter des journ\u00e9es ensoleill\u00e9es est une de nos activit\u00e9s favorites lorsque le printemps arrive et fait tranquillement place \u00e0 l\u2019\u00e9t\u00e9. Cependant, tout comme vous prot\u00e9gez votre peau des rayons UV nuisibles, c\u2019est important de prot\u00e9ger vos cheveux. Les bienfaits d\u2019avoir bien pr\u00e9par\u00e9 vos cheveux pour le beau temps \u00e0 venir se feront\" \/>\n\t<meta name=\"robots\" content=\"max-image-preview:large\" \/>\n\t<link rel=\"canonical\" href=\"https:\/\/monatglobal.com\/ca\/prendre-soin-des-cheveux-en-ete\/?lang=fr\" \/>\n\t<meta name=\"generator\" content=\"All in One SEO Pro (AIOSEO) 4.9.6\" \/>\n\t\t<meta property=\"og:locale\" content=\"en_US\" \/>\n\t\t<meta property=\"og:site_name\" content=\"Monat Canada English - We Are Modern Nature\" \/>\n\t\t<meta property=\"og:type\" content=\"article\" \/>\n\t\t<meta property=\"og:title\" content=\"Prendre soin des cheveux en \u00e9t\u00e9 - Monat Canada English\" \/>\n\t\t<meta property=\"og:description\" content=\"Bonjour beau temps! Profiter des journ\u00e9es ensoleill\u00e9es est une de nos activit\u00e9s favorites lorsque le printemps arrive et fait tranquillement place \u00e0 l\u2019\u00e9t\u00e9. Cependant, tout comme vous prot\u00e9gez votre peau des rayons UV nuisibles, c\u2019est important de prot\u00e9ger vos cheveux. Les bienfaits d\u2019avoir bien pr\u00e9par\u00e9 vos cheveux pour le beau temps \u00e0 venir se feront\" \/>\n\t\t<meta property=\"og:url\" content=\"https:\/\/monatglobal.com\/ca\/prendre-soin-des-cheveux-en-ete\/?lang=fr\" \/>\n\t\t<meta property=\"article:published_time\" content=\"2019-03-14T00:00:00+00:00\" \/>\n\t\t<meta property=\"article:modified_time\" content=\"2019-03-14T14:13:29+00:00\" \/>\n\t\t<meta name=\"twitter:card\" content=\"summary_large_image\" \/>\n\t\t<meta name=\"twitter:title\" content=\"Prendre soin des cheveux en \u00e9t\u00e9 - Monat Canada English\" \/>\n\t\t<meta name=\"twitter:description\" content=\"Bonjour beau temps! Profiter des journ\u00e9es ensoleill\u00e9es est une de nos activit\u00e9s favorites lorsque le printemps arrive et fait tranquillement place \u00e0 l\u2019\u00e9t\u00e9. Cependant, tout comme vous prot\u00e9gez votre peau des rayons UV nuisibles, c\u2019est important de prot\u00e9ger vos cheveux. Les bienfaits d\u2019avoir bien pr\u00e9par\u00e9 vos cheveux pour le beau temps \u00e0 venir se feront\" \/>\n\t\t<script type=\"application\/ld+json\" class=\"aioseo-schema\">\n\t\t\t{\"@context\":\"https:\\\/\\\/schema.org\",\"@graph\":[{\"@type\":\"BlogPosting\",\"@id\":\"https:\\\/\\\/monatglobal.com\\\/ca\\\/prendre-soin-des-cheveux-en-ete\\\/?lang=fr#blogposting\",\"name\":\"Prendre soin des cheveux en \\u00e9t\\u00e9 - Monat Canada English\",\"headline\":\"Prendre soin des cheveux en \\u00e9t\\u00e9\",\"author\":{\"@id\":\"https:\\\/\\\/monatglobal.com\\\/ca\\\/author\\\/#author\"},\"publisher\":{\"@id\":\"https:\\\/\\\/monatglobal.com\\\/ca\\\/#organization\"},\"image\":{\"@type\":\"ImageObject\",\"url\":\"https:\\\/\\\/monatglobal.com\\\/ca\\\/wp-content\\\/uploads\\\/sites\\\/5\\\/2019\\\/03\\\/Sweat-Summer-Hair-Prep_Blog_HEADER.jpg\",\"width\":690,\"height\":579},\"datePublished\":\"2019-03-14T00:00:00-04:00\",\"dateModified\":\"2019-03-14T14:13:29-04:00\",\"inLanguage\":\"en-US\",\"mainEntityOfPage\":{\"@id\":\"https:\\\/\\\/monatglobal.com\\\/ca\\\/prendre-soin-des-cheveux-en-ete\\\/?lang=fr#webpage\"},\"isPartOf\":{\"@id\":\"https:\\\/\\\/monatglobal.com\\\/ca\\\/prendre-soin-des-cheveux-en-ete\\\/?lang=fr#webpage\"},\"articleSection\":\"CHEVEUX, Facultatif\"},{\"@type\":\"BreadcrumbList\",\"@id\":\"https:\\\/\\\/monatglobal.com\\\/ca\\\/prendre-soin-des-cheveux-en-ete\\\/?lang=fr#breadcrumblist\",\"itemListElement\":[{\"@type\":\"ListItem\",\"@id\":\"https:\\\/\\\/monatglobal.com\\\/ca#listItem\",\"position\":1,\"name\":\"Home\",\"item\":\"https:\\\/\\\/monatglobal.com\\\/ca\",\"nextItem\":{\"@type\":\"ListItem\",\"@id\":\"https:\\\/\\\/monatglobal.com\\\/ca\\\/category\\\/cheveux\\\/?lang=fr#listItem\",\"name\":\"CHEVEUX\"}},{\"@type\":\"ListItem\",\"@id\":\"https:\\\/\\\/monatglobal.com\\\/ca\\\/category\\\/cheveux\\\/?lang=fr#listItem\",\"position\":2,\"name\":\"CHEVEUX\",\"item\":\"https:\\\/\\\/monatglobal.com\\\/ca\\\/category\\\/cheveux\\\/?lang=fr\",\"nextItem\":{\"@type\":\"ListItem\",\"@id\":\"https:\\\/\\\/monatglobal.com\\\/ca\\\/prendre-soin-des-cheveux-en-ete\\\/?lang=fr#listItem\",\"name\":\"Prendre soin des cheveux en \\u00e9t\\u00e9\"},\"previousItem\":{\"@type\":\"ListItem\",\"@id\":\"https:\\\/\\\/monatglobal.com\\\/ca#listItem\",\"name\":\"Home\"}},{\"@type\":\"ListItem\",\"@id\":\"https:\\\/\\\/monatglobal.com\\\/ca\\\/prendre-soin-des-cheveux-en-ete\\\/?lang=fr#listItem\",\"position\":3,\"name\":\"Prendre soin des cheveux en \\u00e9t\\u00e9\",\"previousItem\":{\"@type\":\"ListItem\",\"@id\":\"https:\\\/\\\/monatglobal.com\\\/ca\\\/category\\\/cheveux\\\/?lang=fr#listItem\",\"name\":\"CHEVEUX\"}}]},{\"@type\":\"Organization\",\"@id\":\"https:\\\/\\\/monatglobal.com\\\/ca\\\/#organization\",\"name\":\"Monat Canada English\",\"description\":\"We Are Modern Nature\",\"url\":\"https:\\\/\\\/monatglobal.com\\\/ca\\\/\"},{\"@type\":\"Person\",\"@id\":\"https:\\\/\\\/monatglobal.com\\\/ca\\\/author\\\/#author\",\"url\":\"https:\\\/\\\/monatglobal.com\\\/ca\\\/author\\\/\",\"image\":{\"@type\":\"ImageObject\",\"url\":\"https:\\\/\\\/secure.gravatar.com\\\/avatar\\\/?s=96&d=mm&r=g\"}},{\"@type\":\"WebPage\",\"@id\":\"https:\\\/\\\/monatglobal.com\\\/ca\\\/prendre-soin-des-cheveux-en-ete\\\/?lang=fr#webpage\",\"url\":\"https:\\\/\\\/monatglobal.com\\\/ca\\\/prendre-soin-des-cheveux-en-ete\\\/?lang=fr\",\"name\":\"Prendre soin des cheveux en \\u00e9t\\u00e9 - Monat Canada English\",\"description\":\"Bonjour beau temps! Profiter des journ\\u00e9es ensoleill\\u00e9es est une de nos activit\\u00e9s favorites lorsque le printemps arrive et fait tranquillement place \\u00e0 l\\u2019\\u00e9t\\u00e9. Cependant, tout comme vous prot\\u00e9gez votre peau des rayons UV nuisibles, c\\u2019est important de prot\\u00e9ger vos cheveux. Les bienfaits d\\u2019avoir bien pr\\u00e9par\\u00e9 vos cheveux pour le beau temps \\u00e0 venir se feront\",\"inLanguage\":\"en-US\",\"isPartOf\":{\"@id\":\"https:\\\/\\\/monatglobal.com\\\/ca\\\/#website\"},\"breadcrumb\":{\"@id\":\"https:\\\/\\\/monatglobal.com\\\/ca\\\/prendre-soin-des-cheveux-en-ete\\\/?lang=fr#breadcrumblist\"},\"author\":{\"@id\":\"https:\\\/\\\/monatglobal.com\\\/ca\\\/author\\\/#author\"},\"creator\":{\"@id\":\"https:\\\/\\\/monatglobal.com\\\/ca\\\/author\\\/#author\"},\"image\":{\"@type\":\"ImageObject\",\"url\":\"https:\\\/\\\/monatglobal.com\\\/ca\\\/wp-content\\\/uploads\\\/sites\\\/5\\\/2019\\\/03\\\/Sweat-Summer-Hair-Prep_Blog_HEADER.jpg\",\"@id\":\"https:\\\/\\\/monatglobal.com\\\/ca\\\/prendre-soin-des-cheveux-en-ete\\\/?lang=fr\\\/#mainImage\",\"width\":690,\"height\":579},\"primaryImageOfPage\":{\"@id\":\"https:\\\/\\\/monatglobal.com\\\/ca\\\/prendre-soin-des-cheveux-en-ete\\\/?lang=fr#mainImage\"},\"datePublished\":\"2019-03-14T00:00:00-04:00\",\"dateModified\":\"2019-03-14T14:13:29-04:00\"},{\"@type\":\"WebSite\",\"@id\":\"https:\\\/\\\/monatglobal.com\\\/ca\\\/#website\",\"url\":\"https:\\\/\\\/monatglobal.com\\\/ca\\\/\",\"name\":\"Monat Canada English\",\"description\":\"We Are Modern Nature\",\"inLanguage\":\"en-US\",\"publisher\":{\"@id\":\"https:\\\/\\\/monatglobal.com\\\/ca\\\/#organization\"}}]}\n\t\t<\/script>\n\t\t<!-- All in One SEO Pro -->\r\n\t\t<title>Prendre soin des cheveux en \u00e9t\u00e9 - Monat Canada English<\/title>\n\n","aioseo_head_json":{"title":"Prendre soin des cheveux en \u00e9t\u00e9 - Monat Canada English","description":"Bonjour beau temps! Profiter des journ\u00e9es ensoleill\u00e9es est une de nos activit\u00e9s favorites lorsque le printemps arrive et fait tranquillement place \u00e0 l\u2019\u00e9t\u00e9. Cependant, tout comme vous prot\u00e9gez votre peau des rayons UV nuisibles, c\u2019est important de prot\u00e9ger vos cheveux. Les bienfaits d\u2019avoir bien pr\u00e9par\u00e9 vos cheveux pour le beau temps \u00e0 venir se feront","canonical_url":"https:\/\/monatglobal.com\/ca\/prendre-soin-des-cheveux-en-ete\/?lang=fr","robots":"max-image-preview:large","keywords":"","webmasterTools":{"miscellaneous":""},"schema":{"@context":"https:\/\/schema.org","@graph":[{"@type":"BlogPosting","@id":"https:\/\/monatglobal.com\/ca\/prendre-soin-des-cheveux-en-ete\/?lang=fr#blogposting","name":"Prendre soin des cheveux en \u00e9t\u00e9 - Monat Canada English","headline":"Prendre soin des cheveux en \u00e9t\u00e9","author":{"@id":"https:\/\/monatglobal.com\/ca\/author\/#author"},"publisher":{"@id":"https:\/\/monatglobal.com\/ca\/#organization"},"image":{"@type":"ImageObject","url":"https:\/\/monatglobal.com\/ca\/wp-content\/uploads\/sites\/5\/2019\/03\/Sweat-Summer-Hair-Prep_Blog_HEADER.jpg","width":690,"height":579},"datePublished":"2019-03-14T00:00:00-04:00","dateModified":"2019-03-14T14:13:29-04:00","inLanguage":"en-US","mainEntityOfPage":{"@id":"https:\/\/monatglobal.com\/ca\/prendre-soin-des-cheveux-en-ete\/?lang=fr#webpage"},"isPartOf":{"@id":"https:\/\/monatglobal.com\/ca\/prendre-soin-des-cheveux-en-ete\/?lang=fr#webpage"},"articleSection":"CHEVEUX, Facultatif"},{"@type":"BreadcrumbList","@id":"https:\/\/monatglobal.com\/ca\/prendre-soin-des-cheveux-en-ete\/?lang=fr#breadcrumblist","itemListElement":[{"@type":"ListItem","@id":"https:\/\/monatglobal.com\/ca#listItem","position":1,"name":"Home","item":"https:\/\/monatglobal.com\/ca","nextItem":{"@type":"ListItem","@id":"https:\/\/monatglobal.com\/ca\/category\/cheveux\/?lang=fr#listItem","name":"CHEVEUX"}},{"@type":"ListItem","@id":"https:\/\/monatglobal.com\/ca\/category\/cheveux\/?lang=fr#listItem","position":2,"name":"CHEVEUX","item":"https:\/\/monatglobal.com\/ca\/category\/cheveux\/?lang=fr","nextItem":{"@type":"ListItem","@id":"https:\/\/monatglobal.com\/ca\/prendre-soin-des-cheveux-en-ete\/?lang=fr#listItem","name":"Prendre soin des cheveux en \u00e9t\u00e9"},"previousItem":{"@type":"ListItem","@id":"https:\/\/monatglobal.com\/ca#listItem","name":"Home"}},{"@type":"ListItem","@id":"https:\/\/monatglobal.com\/ca\/prendre-soin-des-cheveux-en-ete\/?lang=fr#listItem","position":3,"name":"Prendre soin des cheveux en \u00e9t\u00e9","previousItem":{"@type":"ListItem","@id":"https:\/\/monatglobal.com\/ca\/category\/cheveux\/?lang=fr#listItem","name":"CHEVEUX"}}]},{"@type":"Organization","@id":"https:\/\/monatglobal.com\/ca\/#organization","name":"Monat Canada English","description":"We Are Modern Nature","url":"https:\/\/monatglobal.com\/ca\/"},{"@type":"Person","@id":"https:\/\/monatglobal.com\/ca\/author\/#author","url":"https:\/\/monatglobal.com\/ca\/author\/","image":{"@type":"ImageObject","url":"https:\/\/secure.gravatar.com\/avatar\/?s=96&d=mm&r=g"}},{"@type":"WebPage","@id":"https:\/\/monatglobal.com\/ca\/prendre-soin-des-cheveux-en-ete\/?lang=fr#webpage","url":"https:\/\/monatglobal.com\/ca\/prendre-soin-des-cheveux-en-ete\/?lang=fr","name":"Prendre soin des cheveux en \u00e9t\u00e9 - Monat Canada English","description":"Bonjour beau temps! Profiter des journ\u00e9es ensoleill\u00e9es est une de nos activit\u00e9s favorites lorsque le printemps arrive et fait tranquillement place \u00e0 l\u2019\u00e9t\u00e9. Cependant, tout comme vous prot\u00e9gez votre peau des rayons UV nuisibles, c\u2019est important de prot\u00e9ger vos cheveux. Les bienfaits d\u2019avoir bien pr\u00e9par\u00e9 vos cheveux pour le beau temps \u00e0 venir se feront","inLanguage":"en-US","isPartOf":{"@id":"https:\/\/monatglobal.com\/ca\/#website"},"breadcrumb":{"@id":"https:\/\/monatglobal.com\/ca\/prendre-soin-des-cheveux-en-ete\/?lang=fr#breadcrumblist"},"author":{"@id":"https:\/\/monatglobal.com\/ca\/author\/#author"},"creator":{"@id":"https:\/\/monatglobal.com\/ca\/author\/#author"},"image":{"@type":"ImageObject","url":"https:\/\/monatglobal.com\/ca\/wp-content\/uploads\/sites\/5\/2019\/03\/Sweat-Summer-Hair-Prep_Blog_HEADER.jpg","@id":"https:\/\/monatglobal.com\/ca\/prendre-soin-des-cheveux-en-ete\/?lang=fr\/#mainImage","width":690,"height":579},"primaryImageOfPage":{"@id":"https:\/\/monatglobal.com\/ca\/prendre-soin-des-cheveux-en-ete\/?lang=fr#mainImage"},"datePublished":"2019-03-14T00:00:00-04:00","dateModified":"2019-03-14T14:13:29-04:00"},{"@type":"WebSite","@id":"https:\/\/monatglobal.com\/ca\/#website","url":"https:\/\/monatglobal.com\/ca\/","name":"Monat Canada English","description":"We Are Modern Nature","inLanguage":"en-US","publisher":{"@id":"https:\/\/monatglobal.com\/ca\/#organization"}}]},"og:locale":"en_US","og:site_name":"Monat Canada English - We Are Modern Nature","og:type":"article","og:title":"Prendre soin des cheveux en \u00e9t\u00e9 - Monat Canada English","og:description":"Bonjour beau temps! Profiter des journ\u00e9es ensoleill\u00e9es est une de nos activit\u00e9s favorites lorsque le printemps arrive et fait tranquillement place \u00e0 l\u2019\u00e9t\u00e9. Cependant, tout comme vous prot\u00e9gez votre peau des rayons UV nuisibles, c\u2019est important de prot\u00e9ger vos cheveux. Les bienfaits d\u2019avoir bien pr\u00e9par\u00e9 vos cheveux pour le beau temps \u00e0 venir se feront","og:url":"https:\/\/monatglobal.com\/ca\/prendre-soin-des-cheveux-en-ete\/?lang=fr","article:published_time":"2019-03-14T00:00:00+00:00","article:modified_time":"2019-03-14T14:13:29+00:00","twitter:card":"summary_large_image","twitter:title":"Prendre soin des cheveux en \u00e9t\u00e9 - Monat Canada English","twitter:description":"Bonjour beau temps! Profiter des journ\u00e9es ensoleill\u00e9es est une de nos activit\u00e9s favorites lorsque le printemps arrive et fait tranquillement place \u00e0 l\u2019\u00e9t\u00e9. Cependant, tout comme vous prot\u00e9gez votre peau des rayons UV nuisibles, c\u2019est important de prot\u00e9ger vos cheveux. Les bienfaits d\u2019avoir bien pr\u00e9par\u00e9 vos cheveux pour le beau temps \u00e0 venir se feront"},"aioseo_meta_data":{"post_id":"42140","title":null,"description":null,"keywords":null,"keyphrases":null,"primary_term":null,"canonical_url":null,"og_title":null,"og_description":null,"og_object_type":"default","og_image_type":"default","og_image_url":null,"og_image_width":null,"og_image_height":null,"og_image_custom_url":null,"og_image_custom_fields":null,"og_video":null,"og_custom_url":null,"og_article_section":null,"og_article_tags":null,"twitter_use_og":false,"twitter_card":"default","twitter_image_type":"default","twitter_image_url":null,"twitter_image_custom_url":null,"twitter_image_custom_fields":null,"twitter_title":null,"twitter_description":null,"schema":{"blockGraphs":[],"customGraphs":[],"default":{"data":{"Article":[],"Course":[],"Dataset":[],"FAQPage":[],"Movie":[],"Person":[],"Product":[],"ProductReview":[],"Car":[],"Recipe":[],"Service":[],"SoftwareApplication":[],"WebPage":[]},"graphName":"","isEnabled":true},"graphs":[]},"schema_type":"default","schema_type_options":null,"pillar_content":false,"robots_default":true,"robots_noindex":false,"robots_noarchive":false,"robots_nosnippet":false,"robots_nofollow":false,"robots_noimageindex":false,"robots_noodp":false,"robots_notranslate":false,"robots_max_snippet":null,"robots_max_videopreview":null,"robots_max_imagepreview":"large","priority":null,"frequency":null,"local_seo":null,"seo_analyzer_scan_date":"2026-02-10 00:48:32","limit_modified_date":false,"reviewed_by":null,"open_ai":null,"ai":null,"created":"2023-07-26 13:28:22","updated":"2026-02-10 00:48:32"},"aioseo_breadcrumb":"<div class=\"aioseo-breadcrumbs\"><span class=\"aioseo-breadcrumb\">\n\t<a href=\"https:\/\/monatglobal.com\/ca\" title=\"Home\">Home<\/a>\n<\/span><span class=\"aioseo-breadcrumb-separator\">&raquo;<\/span><span class=\"aioseo-breadcrumb\">\n\t<a href=\"https:\/\/monatglobal.com\/ca\/category\/cheveux\/?lang=fr\" title=\"CHEVEUX\">CHEVEUX<\/a>\n<\/span><span class=\"aioseo-breadcrumb-separator\">&raquo;<\/span><span class=\"aioseo-breadcrumb\">\n\tPrendre soin des <br>cheveux en \u00e9t\u00e9\n<\/span><\/div>","aioseo_breadcrumb_json":[{"label":"Home","link":"https:\/\/monatglobal.com\/ca"},{"label":"CHEVEUX","link":"https:\/\/monatglobal.com\/ca\/category\/cheveux\/?lang=fr"},{"label":"Prendre soin des <br>cheveux en \u00e9t\u00e9","link":"https:\/\/monatglobal.com\/ca\/prendre-soin-des-cheveux-en-ete\/?lang=fr"}],"_links":{"self":[{"href":"https:\/\/monatglobal.com\/ca\/wp-json\/wp\/v2\/posts\/42140","targetHints":{"allow":["GET"]}}],"collection":[{"href":"https:\/\/monatglobal.com\/ca\/wp-json\/wp\/v2\/posts"}],"about":[{"href":"https:\/\/monatglobal.com\/ca\/wp-json\/wp\/v2\/types\/post"}],"author":[{"embeddable":true,"href":"https:\/\/monatglobal.com\/ca\/wp-json\/wp\/v2\/users\/20"}],"replies":[{"embeddable":true,"href":"https:\/\/monatglobal.com\/ca\/wp-json\/wp\/v2\/comments?post=42140"}],"version-history":[{"count":4,"href":"https:\/\/monatglobal.com\/ca\/wp-json\/wp\/v2\/posts\/42140\/revisions"}],"predecessor-version":[{"id":42148,"href":"https:\/\/monatglobal.com\/ca\/wp-json\/wp\/v2\/posts\/42140\/revisions\/42148"}],"wp:featuredmedia":[{"embeddable":true,"href":"https:\/\/monatglobal.com\/ca\/wp-json\/wp\/v2\/media\/42134"}],"wp:attachment":[{"href":"https:\/\/monatglobal.com\/ca\/wp-json\/wp\/v2\/media?parent=42140"}],"wp:term":[{"taxonomy":"category","embeddable":true,"href":"https:\/\/monatglobal.com\/ca\/wp-json\/wp\/v2\/categories?post=42140"},{"taxonomy":"post_tag","embeddable":true,"href":"https:\/\/monatglobal.com\/ca\/wp-json\/wp\/v2\/tags?post=42140"}],"curies":[{"name":"wp","href":"https:\/\/api.w.org\/{rel}","templated":true}]}}