{"id":37889,"date":"2018-11-08T13:31:01","date_gmt":"2018-11-08T13:31:01","guid":{"rendered":"https:\/\/monatglobal.com\/ca\/?p=37889"},"modified":"2018-11-09T16:30:36","modified_gmt":"2018-11-09T16:30:36","slug":"avez-vous-choisi-vos-coiffures-pour-les-receptions-des-fetes","status":"publish","type":"post","link":"https:\/\/monatglobal.com\/ca\/avez-vous-choisi-vos-coiffures-pour-les-receptions-des-fetes\/?lang=fr","title":{"rendered":"Avez-vous choisi vos coiffures pour les r\u00e9ceptions des f\u00eates?"},"content":{"rendered":"<div class=\"excerpt_blog_vip _space_u\" style=\"text-align:center\">La saison des f\u00eates approche \u00e0 grands pas. \u00c9tant donn\u00e9 les nombreux \u00e9v\u00e8nements et r\u00e9ceptions auxquels vous assisterez, vous devez souvent songer \u00e0 votre coiffure! Nous avons consult\u00e9 l\u2019appli sociale par excellence, Instagram, afin de d\u00e9couvrir les tendances. Voici quelques looks \u00e0 couper le souffle&#8230; ils vous aideront s\u00fbrement \u00e0 voler la vedette!<\/div>\n<div class=\"spacer hr_vip_series\"><\/div>\n<div style=\"text-align: center;\"><img loading=\"lazy\" decoding=\"async\" src=\"https:\/\/monatglobal.com\/wp-content\/uploads\/2018\/11\/curriehair_blog.jpg\" alt=\"curriehair_blog\" width=\"500\" height=\"652\" \/><\/div>\n<div class=\"p_opp\" style=\"text-align: center;\"><span style=\"font-size: 10px; text-align: center;\"> Image Source: <a style=\"text-decoration: none;\" href=\"https:\/\/www.instagram.com\/curriehair\/\" target=\"_blank\" rel=\"noopener\">@curriehair<\/a> <\/span><\/div>\n<div class=\"spacer\"><\/div>\n<div class=\"p_opp _space_u\">Ce look superbe a \u00e9t\u00e9 figur\u00e9 dans une publication de <a href=\" https:\/\/www.instagram.com\/curriehair\/ \" target=\"_blank\"><strong>@curriehair\u2019s<\/strong><\/a>. Ce look glamour a \u00e9t\u00e9 cr\u00e9\u00e9 par <a href=\" https:\/\/www.instagram.com\/michelepritchardhair\/ \" target=\"_blank\"><strong>@Michellepritchardhair<\/strong><\/a> de #currieglenmills. Il est simplement magnifique!<\/div>\n<div class=\"hr_vip_series_full\"><\/div>\n<div style=\"text-align: center;\"><img loading=\"lazy\" decoding=\"async\" src=\"https:\/\/monatglobal.com\/wp-content\/uploads\/2018\/11\/straight_ahead_beauty_blog.jpg\" alt=\"straight_ahead_beauty_blog\" width=\"500\" height=\"652\" \/><\/div>\n<div class=\"p_opp\" style=\"text-align: center;\"><span style=\"font-size: 10px; text-align: center;\"> Source d&#8217;image : <a style=\"text-decoration: none;\" href=\"https:\/\/www.instagram.com\/straight_ahead_beauty\/\" target=\"_blank\" rel=\"noopener\">@straight_ahead_beauty<\/a> <\/span><\/div>\n<div class=\"spacer\"><\/div>\n<div class=\"p_opp _space_u\">Regardez ceci. <a href=\" https:\/\/www.instagram.com\/straight_ahead_beauty\/ \" target=\"_blank\"><strong>@straight_ahead_beauty<\/strong><\/a> nous montre un incroyable triple chignon qui est tr\u00e8s facile \u00e0 faire. Faites trois queues de cheval, enroulez-les pour former des chignons et fixez chaque chignon en place \u00e0 l\u2019aide de pinces \u00e0 cheveux. C\u2019est simple comme bonjour. Et le r\u00e9sultat final est \u00e0 la fois joli et unique.<\/div>\n<div class=\"hr_vip_series_full\"><\/div>\n<div style=\"text-align: center;\"><img loading=\"lazy\" decoding=\"async\" src=\"https:\/\/monatglobal.com\/wp-content\/uploads\/2018\/11\/karma_hair_beauty_blog.jpg\" alt=\"karma_hair_beauty_blog\" width=\"500\" height=\"652\" \/><\/div>\n<div class=\"p_opp\" style=\"text-align: center;\"><span style=\"font-size: 10px; text-align: center;\"> Source d&#8217;image : <a style=\"text-decoration: none;\" href=\"https:\/\/www.instagram.com\/karma_hair_beauty\/\" target=\"_blank\" rel=\"noopener\">@karma_hair_beauty<\/a> <\/span><\/div>\n<div class=\"spacer\"><\/div>\n<div class=\"p_opp _space_u\"><a href=\" https:\/\/www.instagram.com\/karma_hair_beauty\/ \" target=\"_blank\"><strong>@karma_hair_beauty<\/strong><\/a> nous montre non seulement un look spectaculaire, mais les instructions pour le cr\u00e9er. N\u2019importe qui peut cr\u00e9er ce look incroyable. De plus, il fera tourner toutes les t\u00eates.<\/div>\n<div class=\"hr_vip_series_full\"><\/div>\n<div style=\"text-align: center;\"><img loading=\"lazy\" decoding=\"async\" src=\"https:\/\/monatglobal.com\/wp-content\/uploads\/2018\/11\/hairbysaretta_blog.jpg\" alt=\"hairbysaretta_blog\" width=\"500\" height=\"652\" \/><\/div>\n<div class=\"p_opp\" style=\"text-align: center;\"><span style=\"font-size: 10px; text-align: center;\"> Source d&#8217;image : <a style=\"text-decoration: none;\" href=\"https:\/\/www.instagram.com\/hairbysaretta\/\" target=\"_blank\" rel=\"noopener\">@hairbysaretta<\/a> <\/span><\/div>\n<div class=\"spacer\"><\/div>\n<div class=\"p_opp _space_u\">Celui-ci est de toute beaut\u00e9! Encore une fois, il est facile \u00e0 faire, mais le r\u00e9sultat final est \u00e9poustouflant! Pour reproduire ce look, cr\u00e9\u00e9 par <a href=\" https:\/\/www.instagram.com\/hairbysaretta\/ \" target=\"_blank\"><strong>@hairbysaretta<\/strong><\/a> du Blue Water Salon, il vous faut simplement quelques \u00e9lastiques \u00e0 cheveux en tissu satin\u00e9 ou \u00e0 motif floral (oui, les \u00ab scrunchies \u00bb sont de retour!), et le tour est jou\u00e9!<\/div>\n<div class=\"hr_vip_series_full\"><\/div>\n<div class=\"p_opp _space_u\">Jetez un coup d&#8217;\u0153il \u00e0 notre page <a href=\" https:\/\/www.instagram.com\/monatcanadaofficial\/ \" target=\"_blank\"><strong>Instagram<\/strong><\/a> pour d\u2019autres sources d\u2019inspiration.  Vous aurez l\u2019embarras du choix parmi nos superbes coiffures \u00e9l\u00e9gantes pour les f\u00eates!<\/div>\n<div class=\"p_opp _space_u\">MONAT a aussi beaucoup de looks des f\u00eates que vous pourrez essayer. Jetez-y un coup d&#8217;\u0153il \u00e0 <a href=\" https:\/\/mymonat.com\/pyr_core\/training_users \" target=\"_blank\"><strong>#MONATstyle Hair Tutorials<\/strong><\/a>. Chaque tutoriel vous montre comment cr\u00e9er un look, \u00e9tape par \u00e9tape. Essayez-en un!<\/div>\n<div class=\"p_opp _space_u\">Par exemple, voici <a href=\" https:\/\/mymonat.com\/pyr_core\/training_users# \" target=\"_blank\"><strong>#noeudchic<\/strong><\/a>, un look parfait pour les f\u00eates. Voici un look intemporel qui est facile \u00e0 cr\u00e9er!<\/div>\n<div class=\"spacer\"><\/div>\n<div style=\"text-align: center;\"><img loading=\"lazy\" decoding=\"async\" src=\"https:\/\/monatglobal.com\/wp-content\/uploads\/2018\/11\/MONATstyle_1.jpg\" alt=\"MONATstyle_1\" width=\"500\" height=\"652\" \/><\/div>\n<div class=\"p_opp\" style=\"text-align: center;\"><span style=\"font-size: 10px; text-align: center;\"> Source d&#8217;image : <a style=\"text-decoration: none;\" href=\"https:\/\/mymonat.com\/users\/sign_in\" target=\"_blank\" rel=\"noopener\">mymonat.com<\/a> <\/span><\/div>\n<div class=\"hr_vip_series_full\"><\/div>\n<div class=\"p_opp _space_u\"><a href=\" https:\/\/mymonat.com\/pyr_core\/training_users# \" target=\"_blank\"><strong>#noeuds<\/strong><\/a> est un incroyable look mi-relev\u00e9 que vous pourrez porter pendant les f\u00eates pour vous d\u00e9marquer. Essayez-le!<\/div>\n<div class=\"spacer\"><\/div>\n<div style=\"text-align: center;\"><img loading=\"lazy\" decoding=\"async\" src=\"https:\/\/monatglobal.com\/wp-content\/uploads\/2018\/11\/MONATstyle_2.jpg\" alt=\"MONATstyle_2\" width=\"500\" height=\"652\" \/><\/div>\n<div class=\"p_opp\" style=\"text-align: center;\"><span style=\"font-size: 10px; text-align: center;\"> Source d&#8217;image : <a style=\"text-decoration: none;\" href=\"https:\/\/mymonat.com\/users\/sign_in\" target=\"_blank\" rel=\"noopener\">mymonat.com<\/a> <\/span><\/div>\n<div class=\"spacer\"><\/div>\n<div class=\"p_opp _space_u\">Ce ne sont que quelques-unes des merveilleuses coiffures \u00e0 <a href=\" https:\/\/mymonat.com\/pyr_core\/training_users \" target=\"_blank\"><strong>#MONATstyle Hair Tutorials<\/strong><\/a> , donc assurez-vous d\u2019y jeter un coup d&#8217;\u0153il. Vous attirerez tous les regards pendant la saison des f\u00eates!<\/div>\n","protected":false},"excerpt":{"rendered":"<p>La saison des f\u00eates approche \u00e0 grands pas. \u00c9tant donn\u00e9 les nombreux \u00e9v\u00e8nements et r\u00e9ceptions auxquels vous assisterez, vous devez souvent songer \u00e0 votre coiffure! Nous avons consult\u00e9 l\u2019appli sociale par excellence, Instagram, afin de d\u00e9couvrir les tendances. Voici quelques looks \u00e0 couper le souffle&#8230; ils vous aideront s\u00fbrement \u00e0 voler la vedette! Image Source:&hellip;<\/p>\n","protected":false},"author":20,"featured_media":37886,"comment_status":"closed","ping_status":"closed","sticky":false,"template":"","format":"standard","meta":{"inline_featured_image":false,"om_disable_all_campaigns":false,"_monsterinsights_skip_tracking":false,"_monsterinsights_sitenote_active":false,"_monsterinsights_sitenote_note":"","_monsterinsights_sitenote_category":0,"footnotes":""},"categories":[286],"tags":[],"class_list":["post-37889","post","type-post","status-publish","format-standard","has-post-thumbnail","hentry","category-cheveux"],"aioseo_notices":[],"aioseo_head":"\n\t\t<!-- All in One SEO Pro 4.9.6 - aioseo.com -->\n\t<meta name=\"description\" content=\"La saison des f\u00eates approche \u00e0 grands pas. \u00c9tant donn\u00e9 les nombreux \u00e9v\u00e8nements et r\u00e9ceptions auxquels vous assisterez, vous devez souvent songer \u00e0 votre coiffure! Nous avons consult\u00e9 l\u2019appli sociale par excellence, Instagram, afin de d\u00e9couvrir les tendances. Voici quelques looks \u00e0 couper le souffle... ils vous aideront s\u00fbrement \u00e0 voler la vedette! Image Source:\" \/>\n\t<meta name=\"robots\" content=\"max-image-preview:large\" \/>\n\t<link rel=\"canonical\" href=\"https:\/\/monatglobal.com\/ca\/avez-vous-choisi-vos-coiffures-pour-les-receptions-des-fetes\/?lang=fr\" \/>\n\t<meta name=\"generator\" content=\"All in One SEO Pro (AIOSEO) 4.9.6\" \/>\n\t\t<meta property=\"og:locale\" content=\"en_US\" \/>\n\t\t<meta property=\"og:site_name\" content=\"Monat Canada English - We Are Modern Nature\" \/>\n\t\t<meta property=\"og:type\" content=\"article\" \/>\n\t\t<meta property=\"og:title\" content=\"Avez-vous choisi vos coiffures pour les r\u00e9ceptions des f\u00eates? - Monat Canada English\" \/>\n\t\t<meta property=\"og:description\" content=\"La saison des f\u00eates approche \u00e0 grands pas. \u00c9tant donn\u00e9 les nombreux \u00e9v\u00e8nements et r\u00e9ceptions auxquels vous assisterez, vous devez souvent songer \u00e0 votre coiffure! Nous avons consult\u00e9 l\u2019appli sociale par excellence, Instagram, afin de d\u00e9couvrir les tendances. Voici quelques looks \u00e0 couper le souffle... ils vous aideront s\u00fbrement \u00e0 voler la vedette! Image Source:\" \/>\n\t\t<meta property=\"og:url\" content=\"https:\/\/monatglobal.com\/ca\/avez-vous-choisi-vos-coiffures-pour-les-receptions-des-fetes\/?lang=fr\" \/>\n\t\t<meta property=\"article:published_time\" content=\"2018-11-08T13:31:01+00:00\" \/>\n\t\t<meta property=\"article:modified_time\" content=\"2018-11-09T16:30:36+00:00\" \/>\n\t\t<meta name=\"twitter:card\" content=\"summary_large_image\" \/>\n\t\t<meta name=\"twitter:title\" content=\"Avez-vous choisi vos coiffures pour les r\u00e9ceptions des f\u00eates? - Monat Canada English\" \/>\n\t\t<meta name=\"twitter:description\" content=\"La saison des f\u00eates approche \u00e0 grands pas. \u00c9tant donn\u00e9 les nombreux \u00e9v\u00e8nements et r\u00e9ceptions auxquels vous assisterez, vous devez souvent songer \u00e0 votre coiffure! Nous avons consult\u00e9 l\u2019appli sociale par excellence, Instagram, afin de d\u00e9couvrir les tendances. Voici quelques looks \u00e0 couper le souffle... ils vous aideront s\u00fbrement \u00e0 voler la vedette! Image Source:\" \/>\n\t\t<script type=\"application\/ld+json\" class=\"aioseo-schema\">\n\t\t\t{\"@context\":\"https:\\\/\\\/schema.org\",\"@graph\":[{\"@type\":\"BlogPosting\",\"@id\":\"https:\\\/\\\/monatglobal.com\\\/ca\\\/avez-vous-choisi-vos-coiffures-pour-les-receptions-des-fetes\\\/?lang=fr#blogposting\",\"name\":\"Avez-vous choisi vos coiffures pour les r\\u00e9ceptions des f\\u00eates? - Monat Canada English\",\"headline\":\"Avez-vous choisi vos coiffures pour les r\\u00e9ceptions des f\\u00eates?\",\"author\":{\"@id\":\"https:\\\/\\\/monatglobal.com\\\/ca\\\/author\\\/#author\"},\"publisher\":{\"@id\":\"https:\\\/\\\/monatglobal.com\\\/ca\\\/#organization\"},\"image\":{\"@type\":\"ImageObject\",\"url\":\"https:\\\/\\\/monatglobal.com\\\/ca\\\/wp-content\\\/uploads\\\/sites\\\/5\\\/2000\\\/11\\\/Hairstyles-to-Try-this-Holiday-Season_HEADER.jpg\",\"width\":690,\"height\":579,\"caption\":\"Are Your Hairstyles Picked Out For Your Holiday Parties Yet?\"},\"datePublished\":\"2018-11-08T13:31:01-05:00\",\"dateModified\":\"2018-11-09T16:30:36-05:00\",\"inLanguage\":\"en-US\",\"mainEntityOfPage\":{\"@id\":\"https:\\\/\\\/monatglobal.com\\\/ca\\\/avez-vous-choisi-vos-coiffures-pour-les-receptions-des-fetes\\\/?lang=fr#webpage\"},\"isPartOf\":{\"@id\":\"https:\\\/\\\/monatglobal.com\\\/ca\\\/avez-vous-choisi-vos-coiffures-pour-les-receptions-des-fetes\\\/?lang=fr#webpage\"},\"articleSection\":\"CHEVEUX, Facultatif\"},{\"@type\":\"BreadcrumbList\",\"@id\":\"https:\\\/\\\/monatglobal.com\\\/ca\\\/avez-vous-choisi-vos-coiffures-pour-les-receptions-des-fetes\\\/?lang=fr#breadcrumblist\",\"itemListElement\":[{\"@type\":\"ListItem\",\"@id\":\"https:\\\/\\\/monatglobal.com\\\/ca#listItem\",\"position\":1,\"name\":\"Home\",\"item\":\"https:\\\/\\\/monatglobal.com\\\/ca\",\"nextItem\":{\"@type\":\"ListItem\",\"@id\":\"https:\\\/\\\/monatglobal.com\\\/ca\\\/category\\\/cheveux\\\/?lang=fr#listItem\",\"name\":\"CHEVEUX\"}},{\"@type\":\"ListItem\",\"@id\":\"https:\\\/\\\/monatglobal.com\\\/ca\\\/category\\\/cheveux\\\/?lang=fr#listItem\",\"position\":2,\"name\":\"CHEVEUX\",\"item\":\"https:\\\/\\\/monatglobal.com\\\/ca\\\/category\\\/cheveux\\\/?lang=fr\",\"nextItem\":{\"@type\":\"ListItem\",\"@id\":\"https:\\\/\\\/monatglobal.com\\\/ca\\\/avez-vous-choisi-vos-coiffures-pour-les-receptions-des-fetes\\\/?lang=fr#listItem\",\"name\":\"Avez-vous choisi vos coiffures pour les r\\u00e9ceptions des f\\u00eates?\"},\"previousItem\":{\"@type\":\"ListItem\",\"@id\":\"https:\\\/\\\/monatglobal.com\\\/ca#listItem\",\"name\":\"Home\"}},{\"@type\":\"ListItem\",\"@id\":\"https:\\\/\\\/monatglobal.com\\\/ca\\\/avez-vous-choisi-vos-coiffures-pour-les-receptions-des-fetes\\\/?lang=fr#listItem\",\"position\":3,\"name\":\"Avez-vous choisi vos coiffures pour les r\\u00e9ceptions des f\\u00eates?\",\"previousItem\":{\"@type\":\"ListItem\",\"@id\":\"https:\\\/\\\/monatglobal.com\\\/ca\\\/category\\\/cheveux\\\/?lang=fr#listItem\",\"name\":\"CHEVEUX\"}}]},{\"@type\":\"Organization\",\"@id\":\"https:\\\/\\\/monatglobal.com\\\/ca\\\/#organization\",\"name\":\"Monat Canada English\",\"description\":\"We Are Modern Nature\",\"url\":\"https:\\\/\\\/monatglobal.com\\\/ca\\\/\"},{\"@type\":\"Person\",\"@id\":\"https:\\\/\\\/monatglobal.com\\\/ca\\\/author\\\/#author\",\"url\":\"https:\\\/\\\/monatglobal.com\\\/ca\\\/author\\\/\",\"image\":{\"@type\":\"ImageObject\",\"url\":\"https:\\\/\\\/secure.gravatar.com\\\/avatar\\\/?s=96&d=mm&r=g\"}},{\"@type\":\"WebPage\",\"@id\":\"https:\\\/\\\/monatglobal.com\\\/ca\\\/avez-vous-choisi-vos-coiffures-pour-les-receptions-des-fetes\\\/?lang=fr#webpage\",\"url\":\"https:\\\/\\\/monatglobal.com\\\/ca\\\/avez-vous-choisi-vos-coiffures-pour-les-receptions-des-fetes\\\/?lang=fr\",\"name\":\"Avez-vous choisi vos coiffures pour les r\\u00e9ceptions des f\\u00eates? - Monat Canada English\",\"description\":\"La saison des f\\u00eates approche \\u00e0 grands pas. \\u00c9tant donn\\u00e9 les nombreux \\u00e9v\\u00e8nements et r\\u00e9ceptions auxquels vous assisterez, vous devez souvent songer \\u00e0 votre coiffure! Nous avons consult\\u00e9 l\\u2019appli sociale par excellence, Instagram, afin de d\\u00e9couvrir les tendances. Voici quelques looks \\u00e0 couper le souffle... ils vous aideront s\\u00fbrement \\u00e0 voler la vedette! Image Source:\",\"inLanguage\":\"en-US\",\"isPartOf\":{\"@id\":\"https:\\\/\\\/monatglobal.com\\\/ca\\\/#website\"},\"breadcrumb\":{\"@id\":\"https:\\\/\\\/monatglobal.com\\\/ca\\\/avez-vous-choisi-vos-coiffures-pour-les-receptions-des-fetes\\\/?lang=fr#breadcrumblist\"},\"author\":{\"@id\":\"https:\\\/\\\/monatglobal.com\\\/ca\\\/author\\\/#author\"},\"creator\":{\"@id\":\"https:\\\/\\\/monatglobal.com\\\/ca\\\/author\\\/#author\"},\"image\":{\"@type\":\"ImageObject\",\"url\":\"https:\\\/\\\/monatglobal.com\\\/ca\\\/wp-content\\\/uploads\\\/sites\\\/5\\\/2000\\\/11\\\/Hairstyles-to-Try-this-Holiday-Season_HEADER.jpg\",\"@id\":\"https:\\\/\\\/monatglobal.com\\\/ca\\\/avez-vous-choisi-vos-coiffures-pour-les-receptions-des-fetes\\\/?lang=fr\\\/#mainImage\",\"width\":690,\"height\":579,\"caption\":\"Are Your Hairstyles Picked Out For Your Holiday Parties Yet?\"},\"primaryImageOfPage\":{\"@id\":\"https:\\\/\\\/monatglobal.com\\\/ca\\\/avez-vous-choisi-vos-coiffures-pour-les-receptions-des-fetes\\\/?lang=fr#mainImage\"},\"datePublished\":\"2018-11-08T13:31:01-05:00\",\"dateModified\":\"2018-11-09T16:30:36-05:00\"},{\"@type\":\"WebSite\",\"@id\":\"https:\\\/\\\/monatglobal.com\\\/ca\\\/#website\",\"url\":\"https:\\\/\\\/monatglobal.com\\\/ca\\\/\",\"name\":\"Monat Canada English\",\"description\":\"We Are Modern Nature\",\"inLanguage\":\"en-US\",\"publisher\":{\"@id\":\"https:\\\/\\\/monatglobal.com\\\/ca\\\/#organization\"}}]}\n\t\t<\/script>\n\t\t<!-- All in One SEO Pro -->\r\n\t\t<title>Avez-vous choisi vos coiffures pour les r\u00e9ceptions des f\u00eates? - Monat Canada English<\/title>\n\n","aioseo_head_json":{"title":"Avez-vous choisi vos coiffures pour les r\u00e9ceptions des f\u00eates? - Monat Canada English","description":"La saison des f\u00eates approche \u00e0 grands pas. \u00c9tant donn\u00e9 les nombreux \u00e9v\u00e8nements et r\u00e9ceptions auxquels vous assisterez, vous devez souvent songer \u00e0 votre coiffure! Nous avons consult\u00e9 l\u2019appli sociale par excellence, Instagram, afin de d\u00e9couvrir les tendances. Voici quelques looks \u00e0 couper le souffle... ils vous aideront s\u00fbrement \u00e0 voler la vedette! Image Source:","canonical_url":"https:\/\/monatglobal.com\/ca\/avez-vous-choisi-vos-coiffures-pour-les-receptions-des-fetes\/?lang=fr","robots":"max-image-preview:large","keywords":"","webmasterTools":{"miscellaneous":""},"schema":{"@context":"https:\/\/schema.org","@graph":[{"@type":"BlogPosting","@id":"https:\/\/monatglobal.com\/ca\/avez-vous-choisi-vos-coiffures-pour-les-receptions-des-fetes\/?lang=fr#blogposting","name":"Avez-vous choisi vos coiffures pour les r\u00e9ceptions des f\u00eates? - Monat Canada English","headline":"Avez-vous choisi vos coiffures pour les r\u00e9ceptions des f\u00eates?","author":{"@id":"https:\/\/monatglobal.com\/ca\/author\/#author"},"publisher":{"@id":"https:\/\/monatglobal.com\/ca\/#organization"},"image":{"@type":"ImageObject","url":"https:\/\/monatglobal.com\/ca\/wp-content\/uploads\/sites\/5\/2000\/11\/Hairstyles-to-Try-this-Holiday-Season_HEADER.jpg","width":690,"height":579,"caption":"Are Your Hairstyles Picked Out For Your Holiday Parties Yet?"},"datePublished":"2018-11-08T13:31:01-05:00","dateModified":"2018-11-09T16:30:36-05:00","inLanguage":"en-US","mainEntityOfPage":{"@id":"https:\/\/monatglobal.com\/ca\/avez-vous-choisi-vos-coiffures-pour-les-receptions-des-fetes\/?lang=fr#webpage"},"isPartOf":{"@id":"https:\/\/monatglobal.com\/ca\/avez-vous-choisi-vos-coiffures-pour-les-receptions-des-fetes\/?lang=fr#webpage"},"articleSection":"CHEVEUX, Facultatif"},{"@type":"BreadcrumbList","@id":"https:\/\/monatglobal.com\/ca\/avez-vous-choisi-vos-coiffures-pour-les-receptions-des-fetes\/?lang=fr#breadcrumblist","itemListElement":[{"@type":"ListItem","@id":"https:\/\/monatglobal.com\/ca#listItem","position":1,"name":"Home","item":"https:\/\/monatglobal.com\/ca","nextItem":{"@type":"ListItem","@id":"https:\/\/monatglobal.com\/ca\/category\/cheveux\/?lang=fr#listItem","name":"CHEVEUX"}},{"@type":"ListItem","@id":"https:\/\/monatglobal.com\/ca\/category\/cheveux\/?lang=fr#listItem","position":2,"name":"CHEVEUX","item":"https:\/\/monatglobal.com\/ca\/category\/cheveux\/?lang=fr","nextItem":{"@type":"ListItem","@id":"https:\/\/monatglobal.com\/ca\/avez-vous-choisi-vos-coiffures-pour-les-receptions-des-fetes\/?lang=fr#listItem","name":"Avez-vous choisi vos coiffures pour les r\u00e9ceptions des f\u00eates?"},"previousItem":{"@type":"ListItem","@id":"https:\/\/monatglobal.com\/ca#listItem","name":"Home"}},{"@type":"ListItem","@id":"https:\/\/monatglobal.com\/ca\/avez-vous-choisi-vos-coiffures-pour-les-receptions-des-fetes\/?lang=fr#listItem","position":3,"name":"Avez-vous choisi vos coiffures pour les r\u00e9ceptions des f\u00eates?","previousItem":{"@type":"ListItem","@id":"https:\/\/monatglobal.com\/ca\/category\/cheveux\/?lang=fr#listItem","name":"CHEVEUX"}}]},{"@type":"Organization","@id":"https:\/\/monatglobal.com\/ca\/#organization","name":"Monat Canada English","description":"We Are Modern Nature","url":"https:\/\/monatglobal.com\/ca\/"},{"@type":"Person","@id":"https:\/\/monatglobal.com\/ca\/author\/#author","url":"https:\/\/monatglobal.com\/ca\/author\/","image":{"@type":"ImageObject","url":"https:\/\/secure.gravatar.com\/avatar\/?s=96&d=mm&r=g"}},{"@type":"WebPage","@id":"https:\/\/monatglobal.com\/ca\/avez-vous-choisi-vos-coiffures-pour-les-receptions-des-fetes\/?lang=fr#webpage","url":"https:\/\/monatglobal.com\/ca\/avez-vous-choisi-vos-coiffures-pour-les-receptions-des-fetes\/?lang=fr","name":"Avez-vous choisi vos coiffures pour les r\u00e9ceptions des f\u00eates? - Monat Canada English","description":"La saison des f\u00eates approche \u00e0 grands pas. \u00c9tant donn\u00e9 les nombreux \u00e9v\u00e8nements et r\u00e9ceptions auxquels vous assisterez, vous devez souvent songer \u00e0 votre coiffure! Nous avons consult\u00e9 l\u2019appli sociale par excellence, Instagram, afin de d\u00e9couvrir les tendances. Voici quelques looks \u00e0 couper le souffle... ils vous aideront s\u00fbrement \u00e0 voler la vedette! Image Source:","inLanguage":"en-US","isPartOf":{"@id":"https:\/\/monatglobal.com\/ca\/#website"},"breadcrumb":{"@id":"https:\/\/monatglobal.com\/ca\/avez-vous-choisi-vos-coiffures-pour-les-receptions-des-fetes\/?lang=fr#breadcrumblist"},"author":{"@id":"https:\/\/monatglobal.com\/ca\/author\/#author"},"creator":{"@id":"https:\/\/monatglobal.com\/ca\/author\/#author"},"image":{"@type":"ImageObject","url":"https:\/\/monatglobal.com\/ca\/wp-content\/uploads\/sites\/5\/2000\/11\/Hairstyles-to-Try-this-Holiday-Season_HEADER.jpg","@id":"https:\/\/monatglobal.com\/ca\/avez-vous-choisi-vos-coiffures-pour-les-receptions-des-fetes\/?lang=fr\/#mainImage","width":690,"height":579,"caption":"Are Your Hairstyles Picked Out For Your Holiday Parties Yet?"},"primaryImageOfPage":{"@id":"https:\/\/monatglobal.com\/ca\/avez-vous-choisi-vos-coiffures-pour-les-receptions-des-fetes\/?lang=fr#mainImage"},"datePublished":"2018-11-08T13:31:01-05:00","dateModified":"2018-11-09T16:30:36-05:00"},{"@type":"WebSite","@id":"https:\/\/monatglobal.com\/ca\/#website","url":"https:\/\/monatglobal.com\/ca\/","name":"Monat Canada English","description":"We Are Modern Nature","inLanguage":"en-US","publisher":{"@id":"https:\/\/monatglobal.com\/ca\/#organization"}}]},"og:locale":"en_US","og:site_name":"Monat Canada English - We Are Modern Nature","og:type":"article","og:title":"Avez-vous choisi vos coiffures pour les r\u00e9ceptions des f\u00eates? - Monat Canada English","og:description":"La saison des f\u00eates approche \u00e0 grands pas. \u00c9tant donn\u00e9 les nombreux \u00e9v\u00e8nements et r\u00e9ceptions auxquels vous assisterez, vous devez souvent songer \u00e0 votre coiffure! Nous avons consult\u00e9 l\u2019appli sociale par excellence, Instagram, afin de d\u00e9couvrir les tendances. Voici quelques looks \u00e0 couper le souffle... ils vous aideront s\u00fbrement \u00e0 voler la vedette! Image Source:","og:url":"https:\/\/monatglobal.com\/ca\/avez-vous-choisi-vos-coiffures-pour-les-receptions-des-fetes\/?lang=fr","article:published_time":"2018-11-08T13:31:01+00:00","article:modified_time":"2018-11-09T16:30:36+00:00","twitter:card":"summary_large_image","twitter:title":"Avez-vous choisi vos coiffures pour les r\u00e9ceptions des f\u00eates? - Monat Canada English","twitter:description":"La saison des f\u00eates approche \u00e0 grands pas. \u00c9tant donn\u00e9 les nombreux \u00e9v\u00e8nements et r\u00e9ceptions auxquels vous assisterez, vous devez souvent songer \u00e0 votre coiffure! Nous avons consult\u00e9 l\u2019appli sociale par excellence, Instagram, afin de d\u00e9couvrir les tendances. Voici quelques looks \u00e0 couper le souffle... ils vous aideront s\u00fbrement \u00e0 voler la vedette! Image Source:"},"aioseo_meta_data":{"post_id":"37889","title":null,"description":null,"keywords":null,"keyphrases":null,"primary_term":null,"canonical_url":null,"og_title":null,"og_description":null,"og_object_type":"default","og_image_type":"default","og_image_url":null,"og_image_width":null,"og_image_height":null,"og_image_custom_url":null,"og_image_custom_fields":null,"og_video":null,"og_custom_url":null,"og_article_section":null,"og_article_tags":null,"twitter_use_og":false,"twitter_card":"default","twitter_image_type":"default","twitter_image_url":null,"twitter_image_custom_url":null,"twitter_image_custom_fields":null,"twitter_title":null,"twitter_description":null,"schema":{"blockGraphs":[],"customGraphs":[],"default":{"data":{"Article":[],"Course":[],"Dataset":[],"FAQPage":[],"Movie":[],"Person":[],"Product":[],"ProductReview":[],"Car":[],"Recipe":[],"Service":[],"SoftwareApplication":[],"WebPage":[]},"graphName":"","isEnabled":true},"graphs":[]},"schema_type":"default","schema_type_options":null,"pillar_content":false,"robots_default":true,"robots_noindex":false,"robots_noarchive":false,"robots_nosnippet":false,"robots_nofollow":false,"robots_noimageindex":false,"robots_noodp":false,"robots_notranslate":false,"robots_max_snippet":null,"robots_max_videopreview":null,"robots_max_imagepreview":"large","priority":null,"frequency":null,"local_seo":null,"seo_analyzer_scan_date":"2026-02-10 00:40:26","limit_modified_date":false,"reviewed_by":null,"open_ai":null,"ai":null,"created":"2023-07-26 13:24:04","updated":"2026-02-10 00:40:26"},"aioseo_breadcrumb":"<div class=\"aioseo-breadcrumbs\"><span class=\"aioseo-breadcrumb\">\n\t<a href=\"https:\/\/monatglobal.com\/ca\" title=\"Home\">Home<\/a>\n<\/span><span class=\"aioseo-breadcrumb-separator\">&raquo;<\/span><span class=\"aioseo-breadcrumb\">\n\t<a href=\"https:\/\/monatglobal.com\/ca\/category\/cheveux\/?lang=fr\" title=\"CHEVEUX\">CHEVEUX<\/a>\n<\/span><span class=\"aioseo-breadcrumb-separator\">&raquo;<\/span><span class=\"aioseo-breadcrumb\">\n\tAvez-vous choisi vos coiffures pour les r\u00e9ceptions des f\u00eates?\n<\/span><\/div>","aioseo_breadcrumb_json":[{"label":"Home","link":"https:\/\/monatglobal.com\/ca"},{"label":"CHEVEUX","link":"https:\/\/monatglobal.com\/ca\/category\/cheveux\/?lang=fr"},{"label":"Avez-vous choisi vos coiffures pour les r\u00e9ceptions des f\u00eates?","link":"https:\/\/monatglobal.com\/ca\/avez-vous-choisi-vos-coiffures-pour-les-receptions-des-fetes\/?lang=fr"}],"_links":{"self":[{"href":"https:\/\/monatglobal.com\/ca\/wp-json\/wp\/v2\/posts\/37889","targetHints":{"allow":["GET"]}}],"collection":[{"href":"https:\/\/monatglobal.com\/ca\/wp-json\/wp\/v2\/posts"}],"about":[{"href":"https:\/\/monatglobal.com\/ca\/wp-json\/wp\/v2\/types\/post"}],"author":[{"embeddable":true,"href":"https:\/\/monatglobal.com\/ca\/wp-json\/wp\/v2\/users\/20"}],"replies":[{"embeddable":true,"href":"https:\/\/monatglobal.com\/ca\/wp-json\/wp\/v2\/comments?post=37889"}],"version-history":[{"count":3,"href":"https:\/\/monatglobal.com\/ca\/wp-json\/wp\/v2\/posts\/37889\/revisions"}],"predecessor-version":[{"id":37893,"href":"https:\/\/monatglobal.com\/ca\/wp-json\/wp\/v2\/posts\/37889\/revisions\/37893"}],"wp:featuredmedia":[{"embeddable":true,"href":"https:\/\/monatglobal.com\/ca\/wp-json\/wp\/v2\/media\/37886"}],"wp:attachment":[{"href":"https:\/\/monatglobal.com\/ca\/wp-json\/wp\/v2\/media?parent=37889"}],"wp:term":[{"taxonomy":"category","embeddable":true,"href":"https:\/\/monatglobal.com\/ca\/wp-json\/wp\/v2\/categories?post=37889"},{"taxonomy":"post_tag","embeddable":true,"href":"https:\/\/monatglobal.com\/ca\/wp-json\/wp\/v2\/tags?post=37889"}],"curies":[{"name":"wp","href":"https:\/\/api.w.org\/{rel}","templated":true}]}}